{"id":1524,"date":"2023-09-22T13:13:55","date_gmt":"2023-09-22T11:13:55","guid":{"rendered":"https:\/\/sustainabilitylab.eu\/corso-di-alta-formazione-sostenibilita-e-rendicontazione-efrag\/"},"modified":"2023-09-22T13:13:55","modified_gmt":"2023-09-22T11:13:55","slug":"corso-di-alta-formazione-sostenibilita-e-rendicontazione-efrag","status":"publish","type":"post","link":"https:\/\/www.sustainabilitylab.eu\/en\/corso-di-alta-formazione-sostenibilita-e-rendicontazione-efrag\/","title":{"rendered":"Corso di Alta Formazione: Sostenibilit\u00e0 e rendicontazione EFRAG"},"content":{"rendered":"<h3 class=\"blu-title\">La nuova normativa europea in tema di sostenibilit\u00e0 e il framwork di rendicontazione EFRAG: quali novit\u00e0 per le imprese del territorio?<\/h3>\n<p>Il corso approfondisce, da una prospettiva sia teorica sia pratica, il tema della regolamentazione della rendicontazione di sostenibilit\u00e0, affrontando le novit\u00e0 a livello di legislazione e di standard di rendicontazione.<\/p>\n<h3 class=\"blu-title\">OBIETTIVI<\/h3>\n<p>Il corso \u00e8 finalizzato a sviluppare nei partecipanti in maniera rapida e concreta la capacit\u00e0 di redigere, leggere ed interpretare un report di sostenibilit\u00e0 in conformit\u00e0 alla nuova normativa e ai nuovi standard di rendicontazione.<br \/>\nIn particolare, al termine del corso i partecipanti:<br \/>\n\u2022\u00a0\u00a0 \u00a0conoscono la legislazione nazionale ed europea relativa alla rendicontazione di sostenibilit\u00e0<br \/>\n\u2022\u00a0\u00a0 \u00a0conoscono gli standard ESRS e ISSB e le metodologie di misurazione, rendicontazione e comunicazione della performance di sostenibilit\u00e0<br \/>\n\u2022\u00a0\u00a0 \u00a0sanno utilizzare tecniche e strumenti per redigere un report di sostenibilit\u00e0 in conformit\u00e0 alla normativa e agli standard di riferimento<br \/>\n\u2022\u00a0\u00a0 \u00a0conoscono e sanno mettere in pratica le migliori pratiche aziendali sulla rendicontazione di sostenibilit\u00e0.<\/p>\n<h3 class=\"blu-title\">DESTINATARI<\/h3>\n<p>Il corso si rivolge a tutti i profili che, all\u2019interno dell\u2019azienda, si occupano del processo di rendicontazione di sostenibilit\u00e0. In particolare, CFO, manager della sostenibilit\u00e0, funzione Amministrazione Finanza e Controllo.\u00a0 I contenuti sono inoltre utili ai consulenti e ai Dottori Commercialisti che si occupano di sostenibilit\u00e0.<\/p>\n<p><strong>Termine per le iscrizioni: 17 ottobre 2023<\/strong><\/p>\n<p>Per maggiori informazioni, <a href=\"https:\/\/www.cafoscarichallengeschool.it\/formazione\/la-nuova-normativa-europea-in-tema-di-sostenibilita-e-il-framework-di-rendicontazione-efrag-quali-novita-per-le-imprese-del-territorio\/\">consulta la pagina del corso.<\/a><\/p>\n<p><a href=\"https:\/\/www.sustainabilitylab.eu\/wp-content\/uploads\/2023\/09\/CFCS_CORSO_EFRAG.pdf\">SCARICA LA NOSTRA BROCHURE<\/a><\/p>\n<p>&nbsp;<\/p>\n","protected":false},"excerpt":{"rendered":"<p>La nuova normativa europea in tema di sostenibilit\u00e0 e il framwork di rendicontazione EFRAG: quali novit\u00e0 per le imprese del territorio? Il corso approfondisce, da una prospettiva sia teorica sia pratica, il tema della regolamentazione della rendicontazione di sostenibilit\u00e0, affrontando le novit\u00e0 a livello di legislazione e di standard di rendicontazione. OBIETTIVI Il corso \u00e8 [&hellip;]<\/p>\n","protected":false},"author":4,"featured_media":0,"comment_status":"closed","ping_status":"closed","sticky":false,"template":"","format":"standard","meta":{"_acf_changed":false,"footnotes":""},"categories":[2],"tags":[],"class_list":["post-1524","post","type-post","status-publish","format-standard","hentry","category-uncategorized"],"acf":[],"_links":{"self":[{"href":"https:\/\/www.sustainabilitylab.eu\/en\/wp-json\/wp\/v2\/posts\/1524","targetHints":{"allow":["GET"]}}],"collection":[{"href":"https:\/\/www.sustainabilitylab.eu\/en\/wp-json\/wp\/v2\/posts"}],"about":[{"href":"https:\/\/www.sustainabilitylab.eu\/en\/wp-json\/wp\/v2\/types\/post"}],"author":[{"embeddable":true,"href":"https:\/\/www.sustainabilitylab.eu\/en\/wp-json\/wp\/v2\/users\/4"}],"replies":[{"embeddable":true,"href":"https:\/\/www.sustainabilitylab.eu\/en\/wp-json\/wp\/v2\/comments?post=1524"}],"version-history":[{"count":0,"href":"https:\/\/www.sustainabilitylab.eu\/en\/wp-json\/wp\/v2\/posts\/1524\/revisions"}],"wp:attachment":[{"href":"https:\/\/www.sustainabilitylab.eu\/en\/wp-json\/wp\/v2\/media?parent=1524"}],"wp:term":[{"taxonomy":"category","embeddable":true,"href":"https:\/\/www.sustainabilitylab.eu\/en\/wp-json\/wp\/v2\/categories?post=1524"},{"taxonomy":"post_tag","embeddable":true,"href":"https:\/\/www.sustainabilitylab.eu\/en\/wp-json\/wp\/v2\/tags?post=1524"}],"curies":[{"name":"wp","href":"https:\/\/api.w.org\/{rel}","templated":true}]}}